{"id":71,"date":"2022-03-31T09:16:05","date_gmt":"2022-03-31T09:16:05","guid":{"rendered":"http:\/\/cultura.fagavalencia.com\/?p=71"},"modified":"2022-03-31T09:16:05","modified_gmt":"2022-03-31T09:16:05","slug":"la-lengua-romani","status":"publish","type":"post","link":"http:\/\/cultura.fagavalencia.com\/index.php\/2022\/03\/31\/la-lengua-romani\/","title":{"rendered":"La lengua Roman\u00ed"},"content":{"rendered":"\n<p>La lengua roman\u00ed resulta esencial en la cultura gitana. Es el v\u00ednculo que une al pueblo gitano repartido por todo el mundo y que se ha mantenido vivo de boca en boca durante siglos, de manera oral, hasta ahora. El roman\u00ed es una lengua indoeuropea cuyo origen es el s\u00e1nscrito. En algunos pa\u00edses como Espa\u00f1a, debido a la imposici\u00f3n del idioma local, se ha ido perdiendo el uso del cal\u00f3, variante del roman\u00ed que habla la poblaci\u00f3n gitana espa\u00f1ola. Aun as\u00ed, la prolongada presencia gitana en nuestro pa\u00eds hace que muchas expresiones comunes del castellano procedan del cal\u00f3.<\/p>\n","protected":false},"excerpt":{"rendered":"<p>La lengua roman\u00ed resulta esencial en la cultura gitana. Es el v\u00ednculo que une al pueblo gitano repartido por todo el mundo y que se ha mantenido vivo de boca en boca durante siglos, de manera oral, hasta ahora. El roman\u00ed es una lengua indoeuropea&nbsp;<a class=\"read-more\" href=\"http:\/\/cultura.fagavalencia.com\/index.php\/2022\/03\/31\/la-lengua-romani\/\">&hellip;<\/a><\/p>\n","protected":false},"author":1,"featured_media":0,"comment_status":"open","ping_status":"open","sticky":false,"template":"","format":"standard","meta":[],"categories":[1],"tags":[],"_links":{"self":[{"href":"http:\/\/cultura.fagavalencia.com\/index.php\/wp-json\/wp\/v2\/posts\/71"}],"collection":[{"href":"http:\/\/cultura.fagavalencia.com\/index.php\/wp-json\/wp\/v2\/posts"}],"about":[{"href":"http:\/\/cultura.fagavalencia.com\/index.php\/wp-json\/wp\/v2\/types\/post"}],"author":[{"embeddable":true,"href":"http:\/\/cultura.fagavalencia.com\/index.php\/wp-json\/wp\/v2\/users\/1"}],"replies":[{"embeddable":true,"href":"http:\/\/cultura.fagavalencia.com\/index.php\/wp-json\/wp\/v2\/comments?post=71"}],"version-history":[{"count":1,"href":"http:\/\/cultura.fagavalencia.com\/index.php\/wp-json\/wp\/v2\/posts\/71\/revisions"}],"predecessor-version":[{"id":72,"href":"http:\/\/cultura.fagavalencia.com\/index.php\/wp-json\/wp\/v2\/posts\/71\/revisions\/72"}],"wp:attachment":[{"href":"http:\/\/cultura.fagavalencia.com\/index.php\/wp-json\/wp\/v2\/media?parent=71"}],"wp:term":[{"taxonomy":"category","embeddable":true,"href":"http:\/\/cultura.fagavalencia.com\/index.php\/wp-json\/wp\/v2\/categories?post=71"},{"taxonomy":"post_tag","embeddable":true,"href":"http:\/\/cultura.fagavalencia.com\/index.php\/wp-json\/wp\/v2\/tags?post=71"}],"curies":[{"name":"wp","href":"https:\/\/api.w.org\/{rel}","templated":true}]}}